{"id":1453,"__str__":"Parecer Jur\u00eddico - Indica\u00e7\u00e3o n\u00ba 45 2025 de 12/03/2025 por H\u00e9llen Kuster Ribeiro - OAB/ES 34.749","link_detail_backend":"/materia/documentoacessorio/1453","metadata":{},"nome":"Indica\u00e7\u00e3o n\u00ba 45 2025","data":"2025-03-12","autor":"H\u00e9llen Kuster Ribeiro - OAB/ES 34.749","ementa":"","indexacao":"","arquivo":"http://sapl.santamariadejetiba.es.leg.br/media/sapl/public/documentoacessorio/2025/1453/indicacao_n__45-2025_-_indica_ao_chefe_do_poder_executivo_a_construcao_de_um_calcadao_que_conecta_a_localidade_do_centro_a_vila_dos_italianos.pdf","data_ultima_atualizacao":"2025-03-12T11:30:22.815706-03:00","materia":3499,"tipo":9}