{"id":1475,"__str__":"Parecer Jur\u00eddico - Indica\u00e7\u00e3o n\u00ba 16 2025 de 26/03/2025 por H\u00e9llen Kuster Ribeiro - OAB/ES 34.749","link_detail_backend":"/materia/documentoacessorio/1475","metadata":{},"nome":"Indica\u00e7\u00e3o n\u00ba 16 2025","data":"2025-03-26","autor":"H\u00e9llen Kuster Ribeiro - OAB/ES 34.749","ementa":"","indexacao":"","arquivo":"http://sapl.santamariadejetiba.es.leg.br/media/sapl/public/documentoacessorio/2025/1475/projeto_de_lei_n_16_2025_-_calendario_oficial_-_dia_municipal_da_conscientizacao_sobre_a_sindrome_de_down.pdf","data_ultima_atualizacao":"2025-03-26T10:03:43.424575-03:00","materia":3518,"tipo":9}