{"id":1511,"__str__":"Parecer Jur\u00eddico - Mo\u00e7\u00e3o de Congratula\u00e7\u00e3o 08/2025 de 06/05/2025 por H\u00e9llen Kuster Ribeiro - OAB/ES 34.749 - Assessoria Jur\u00eddica","link_detail_backend":"/materia/documentoacessorio/1511","metadata":{},"nome":"Mo\u00e7\u00e3o de Congratula\u00e7\u00e3o 08/2025","data":"2025-05-06","autor":"H\u00e9llen Kuster Ribeiro - OAB/ES 34.749 - Assessoria Jur\u00eddica","ementa":"","indexacao":"","arquivo":"http://sapl.santamariadejetiba.es.leg.br/media/sapl/public/documentoacessorio/2025/1511/parecer-_mocao_de_pesar_no_08-2025_-_grupo_de_ciclistas_pedalando_sem_fronteiras_de_smj.pdf","data_ultima_atualizacao":"2025-05-06T10:54:04.216407-03:00","materia":3553,"tipo":9}