{"id":1560,"__str__":"Parecer da Comiss\u00e3o - JUSTI\u00c7A E REDA\u00c7\u00c3O FINAL de 10/02/2025 por ","link_detail_backend":"/materia/documentoacessorio/1560","metadata":{},"nome":"JUSTI\u00c7A E REDA\u00c7\u00c3O FINAL","data":"2025-02-10","autor":"","ementa":"","indexacao":"","arquivo":"http://sapl.santamariadejetiba.es.leg.br/media/sapl/public/documentoacessorio/2025/1560/justica_e_redacao_final-projeto__04-2025.pdf","data_ultima_atualizacao":"2025-05-19T09:42:06.093020-03:00","materia":3441,"tipo":10}