{"id":1631,"__str__":"Parecer da Comiss\u00e3o - JUSTI\u00c7A E EDUCA\u00c7\u00c3O de 21/05/2025 por ","link_detail_backend":"/materia/documentoacessorio/1631","metadata":{},"nome":"JUSTI\u00c7A E EDUCA\u00c7\u00c3O","data":"2025-05-21","autor":"","ementa":"","indexacao":"","arquivo":"http://sapl.santamariadejetiba.es.leg.br/media/sapl/public/documentoacessorio/2025/1631/comissoes_projeto__11-2025_executivo.pdf","data_ultima_atualizacao":"2025-05-21T10:39:16.496542-03:00","materia":3460,"tipo":10}