{"id":1640,"__str__":"Parecer da Comiss\u00e3o - JUSTI\u00c7A E REDA\u00c7\u00c3O FINAL de 21/05/2025 por ","link_detail_backend":"/materia/documentoacessorio/1640","metadata":{},"nome":"JUSTI\u00c7A E REDA\u00c7\u00c3O FINAL","data":"2025-05-21","autor":"","ementa":"","indexacao":"","arquivo":"http://sapl.santamariadejetiba.es.leg.br/media/sapl/public/documentoacessorio/2025/1640/comissoes_projeto__15-2025_executivo.pdf","data_ultima_atualizacao":"2025-05-21T12:28:26.805943-03:00","materia":3496,"tipo":10}