{"id":1676,"__str__":"Parecer Jur\u00eddico - Indica\u00e7\u00e3o n\u00ba 78 2025 de 26/05/2025 por H\u00e9llen Kuster Ribeiro - OAB/ES 34.749","link_detail_backend":"/materia/documentoacessorio/1676","metadata":{},"nome":"Indica\u00e7\u00e3o n\u00ba 78 2025","data":"2025-05-26","autor":"H\u00e9llen Kuster Ribeiro - OAB/ES 34.749","ementa":"","indexacao":"","arquivo":"http://sapl.santamariadejetiba.es.leg.br/media/sapl/public/documentoacessorio/2025/1676/indicacao_n__78-2025_-_indica_ao_chefe_do_poder_executivo_a_construcao_de_uma_creche_na_localidade_de_recreio.pdf","data_ultima_atualizacao":"2025-05-26T09:08:46.443602-03:00","materia":3594,"tipo":9}