{"id":1760,"__str__":"Parecer da Comiss\u00e3o - JUSTI\u00c7A E REDA\u00c7\u00c3O FINAL de 02/06/2025 por ","link_detail_backend":"/materia/documentoacessorio/1760","metadata":{},"nome":"JUSTI\u00c7A E REDA\u00c7\u00c3O FINAL","data":"2025-06-02","autor":"","ementa":"","indexacao":"","arquivo":"http://sapl.santamariadejetiba.es.leg.br/media/sapl/public/documentoacessorio/2024/1760/20250602125152924.pdf","data_ultima_atualizacao":"2025-06-02T11:31:44.770533-03:00","materia":3192,"tipo":10}