{"id":1797,"__str__":"Parecer da Comiss\u00e3o - JUSTI\u00c7A E FINAN\u00c7AS E MEIO AMBIENTE de 04/06/2025 por ","link_detail_backend":"/materia/documentoacessorio/1797","metadata":{},"nome":"JUSTI\u00c7A E FINAN\u00c7AS E MEIO AMBIENTE","data":"2025-06-04","autor":"","ementa":"","indexacao":"","arquivo":"http://sapl.santamariadejetiba.es.leg.br/media/sapl/public/documentoacessorio/2024/1797/20250604103820401.pdf","data_ultima_atualizacao":"2025-06-04T09:10:23.003341-03:00","materia":3241,"tipo":10}