{"id":1897,"__str__":"Parecer da Comiss\u00e3o - JUSTI\u00c7A E REDA\u00c7\u00c3O FINAL de 09/06/2025 por ","link_detail_backend":"/materia/documentoacessorio/1897","metadata":{},"nome":"JUSTI\u00c7A E REDA\u00c7\u00c3O FINAL","data":"2025-06-09","autor":"","ementa":"","indexacao":"","arquivo":"http://sapl.santamariadejetiba.es.leg.br/media/sapl/public/documentoacessorio/2024/1897/ata_25_-_cljrf_-_21-10-2024.pdf","data_ultima_atualizacao":"2025-06-09T07:22:32.894847-03:00","materia":3390,"tipo":10}