{"id":1922,"__str__":"Parecer da Comiss\u00e3o - JUSTI\u00c7A E REDA\u00c7\u00c3O FINAL de 09/06/2025 por ","link_detail_backend":"/materia/documentoacessorio/1922","metadata":{},"nome":"JUSTI\u00c7A E REDA\u00c7\u00c3O FINAL","data":"2025-06-09","autor":"","ementa":"","indexacao":"","arquivo":"http://sapl.santamariadejetiba.es.leg.br/media/sapl/public/documentoacessorio/2024/1922/20250609105628523.pdf","data_ultima_atualizacao":"2025-06-09T09:27:03.216656-03:00","materia":3398,"tipo":10}