{"id":1983,"__str__":"Parecer Jur\u00eddico - Indica\u00e7\u00e3o n\u00ba 93 2025 de 02/07/2025 por H\u00e9llen Kuster Ribeiro - OAB/ES 34.749","link_detail_backend":"/materia/documentoacessorio/1983","metadata":{},"nome":"Indica\u00e7\u00e3o n\u00ba 93 2025","data":"2025-07-02","autor":"H\u00e9llen Kuster Ribeiro - OAB/ES 34.749","ementa":"","indexacao":"","arquivo":"http://sapl.santamariadejetiba.es.leg.br/media/sapl/public/documentoacessorio/2025/1983/indicacao_n__93-2025_-_indica_ao_chefe_do_poder_executivo_a_ampliacao_da_construcao_de_area_coberta_no_centro_de_eventos_cultural_e_esportivo_sofia_arnholz_berger.pdf","data_ultima_atualizacao":"2025-07-02T07:28:03.933021-03:00","materia":3880,"tipo":9}