{"id":2030,"__str__":"Parecer da Comiss\u00e3o - JUSTI\u00c7A E REDA\u00c7\u00c3O FINAL de 21/07/2025 por ","link_detail_backend":"/materia/documentoacessorio/2030","metadata":{},"nome":"JUSTI\u00c7A E REDA\u00c7\u00c3O FINAL","data":"2025-07-21","autor":"","ementa":"","indexacao":"","arquivo":"http://sapl.santamariadejetiba.es.leg.br/media/sapl/public/documentoacessorio/2025/2030/parecer_comissoes_projeto_37.pdf","data_ultima_atualizacao":"2025-07-21T09:10:36.432157-03:00","materia":3958,"tipo":10}