{"id":2035,"__str__":"Parecer da Comiss\u00e3o - JUSTI\u00c7A E EDUCA\u00c7\u00c3O de 21/07/2025 por ","link_detail_backend":"/materia/documentoacessorio/2035","metadata":{},"nome":"JUSTI\u00c7A E EDUCA\u00c7\u00c3O","data":"2025-07-21","autor":"","ementa":"","indexacao":"","arquivo":"http://sapl.santamariadejetiba.es.leg.br/media/sapl/public/documentoacessorio/2025/2035/parecer_comissoes_projeto_15_legislativo.pdf","data_ultima_atualizacao":"2025-07-21T09:27:11.236619-03:00","materia":3522,"tipo":10}