{"id":2074,"__str__":"Parecer da Comiss\u00e3o - JUSTI\u00c7A E EDUCA\u00c7\u00c3O de 25/08/2025 por ","link_detail_backend":"/materia/documentoacessorio/2074","metadata":{},"nome":"JUSTI\u00c7A E EDUCA\u00c7\u00c3O","data":"2025-08-25","autor":"","ementa":"","indexacao":"","arquivo":"http://sapl.santamariadejetiba.es.leg.br/media/sapl/public/documentoacessorio/2025/2074/parecer_comissoes_projeto_44.pdf","data_ultima_atualizacao":"2025-08-25T08:47:17.798486-03:00","materia":4167,"tipo":10}