{"id":2132,"__str__":"Parecer da Comiss\u00e3o - JUSTI\u00c7A E FINAN\u00c7AS e MEIO AMBIENTE de 22/09/2025 por ","link_detail_backend":"/materia/documentoacessorio/2132","metadata":{},"nome":"JUSTI\u00c7A E FINAN\u00c7AS e MEIO AMBIENTE","data":"2025-09-22","autor":"","ementa":"","indexacao":"","arquivo":"http://sapl.santamariadejetiba.es.leg.br/media/sapl/public/documentoacessorio/2025/2132/parecer_comissoes_projeto__de_lei_complementar_48.pdf","data_ultima_atualizacao":"2025-09-22T14:19:12.892891-03:00","materia":4391,"tipo":10}