{"id":2137,"__str__":"Parecer Jur\u00eddico - Indica\u00e7\u00e3o n\u00ba 141 2025 de 23/09/2025 por H\u00e9llen Kuster Ribeiro - OAB/ES 34.749","link_detail_backend":"/materia/documentoacessorio/2137","metadata":{},"nome":"Indica\u00e7\u00e3o n\u00ba 141 2025","data":"2025-09-23","autor":"H\u00e9llen Kuster Ribeiro - OAB/ES 34.749","ementa":"","indexacao":"","arquivo":"http://sapl.santamariadejetiba.es.leg.br/media/sapl/public/documentoacessorio/2025/2137/indicacao_n_141_-_2025_-_indica_ao_chefe_do_poder_executivo_a_implantacao_de_sinalizacao_viaria_nas_imediacoes_da_creche_evelina_buss.pdf","data_ultima_atualizacao":"2025-09-23T08:02:04.935781-03:00","materia":4445,"tipo":9}