{"id":2159,"__str__":"Parecer da Comiss\u00e3o - JUSTI\u00c7A E EDUCA\u00c7\u00c3O de 02/10/2025 por ","link_detail_backend":"/materia/documentoacessorio/2159","metadata":{},"nome":"JUSTI\u00c7A E EDUCA\u00c7\u00c3O","data":"2025-10-02","autor":"","ementa":"","indexacao":"","arquivo":"http://sapl.santamariadejetiba.es.leg.br/media/sapl/public/documentoacessorio/2025/2159/20251002124945639.pdf","data_ultima_atualizacao":"2025-10-02T11:17:55.313382-03:00","materia":4444,"tipo":10}