{"id":2167,"__str__":"Parecer Jur\u00eddico - Indica\u00e7\u00e3o n\u00ba 145 2025 de 06/10/2025 por H\u00e9llen Kuster Ribeiro - OAB/ES 34.749","link_detail_backend":"/materia/documentoacessorio/2167","metadata":{},"nome":"Indica\u00e7\u00e3o n\u00ba 145 2025","data":"2025-10-06","autor":"H\u00e9llen Kuster Ribeiro - OAB/ES 34.749","ementa":"","indexacao":"","arquivo":"http://sapl.santamariadejetiba.es.leg.br/media/sapl/public/documentoacessorio/2025/2167/indicacao_n_145_-_2025_-_indica_ao_chefe_do_poder_executivo_a_reforma_e_ampliacao_da_ponte_localizada_em_corrego_simao.pdf","data_ultima_atualizacao":"2025-10-06T08:22:17.358442-03:00","materia":4451,"tipo":9}