{"id":2186,"__str__":"Parecer Jur\u00eddico - Indica\u00e7\u00e3o n\u00ba 154 2025 de 14/10/2025 por H\u00e9llen Kuster Ribeiro - OAB/ES 34.749","link_detail_backend":"/materia/documentoacessorio/2186","metadata":{},"nome":"Indica\u00e7\u00e3o n\u00ba 154 2025","data":"2025-10-14","autor":"H\u00e9llen Kuster Ribeiro - OAB/ES 34.749","ementa":"","indexacao":"","arquivo":"http://sapl.santamariadejetiba.es.leg.br/media/sapl/public/documentoacessorio/2025/2186/indicacao_n_154_-_2025_-_indica_ao_chefe_do_poder_executivo_a_necessidade_de_realizacao_de_reparos_na_via_publica_de_sao_sebastiao_de_belem.pdf","data_ultima_atualizacao":"2025-10-14T10:22:26.498199-03:00","materia":4469,"tipo":9}