{"id":2217,"__str__":"Parecer da Comiss\u00e3o - JUSTI\u00c7A E FINAN\u00c7AS de 27/10/2025 por ","link_detail_backend":"/materia/documentoacessorio/2217","metadata":{},"nome":"JUSTI\u00c7A E FINAN\u00c7AS","data":"2025-10-27","autor":"","ementa":"","indexacao":"","arquivo":"http://sapl.santamariadejetiba.es.leg.br/media/sapl/public/documentoacessorio/2025/2217/20251027124313894.pdf","data_ultima_atualizacao":"2025-10-27T11:10:43.643120-03:00","materia":4456,"tipo":10}