{"id":692,"__str__":"Parecer Jur\u00eddico - PARECER N\u00ba 229/2022 de 26/09/2022 por Rosa Elena Krause Berger","link_detail_backend":"/materia/documentoacessorio/692","metadata":{},"nome":"PARECER N\u00ba 229/2022","data":"2022-09-26","autor":"Rosa Elena Krause Berger","ementa":"Projeto de Lei n\u00ba 032/2022. Instituiu a Semana de Incentivo \u00e0 doa\u00e7\u00e3o de cabelo \u00e0s pessoas carentes em tratamento de c\u00e2ncer no \u00e2mbito do munic\u00edpio de Santa Maria de Jetib\u00e1-ES. Legalidade quanto \u00e0 forma ao projeto de lei.","indexacao":"","arquivo":"http://sapl.santamariadejetiba.es.leg.br/media/sapl/public/documentoacessorio/2022/692/projeto_de_lei_32.2022.pdf","data_ultima_atualizacao":"2022-09-26T15:37:07.548857-03:00","materia":2652,"tipo":9}