{"id":1554,"__str__":"Indica\u00e7\u00e3o n\u00ba 26 de 2019","link_detail_backend":"/materia/1554","metadata":{},"numero":26,"ano":2019,"numero_protocolo":null,"data_apresentacao":"2019-06-17","tipo_apresentacao":"E","data_publicacao":null,"numero_origem_externa":"","ano_origem_externa":null,"data_origem_externa":null,"apelido":"","dias_prazo":null,"data_fim_prazo":null,"em_tramitacao":false,"polemica":null,"objeto":"","complementar":null,"ementa":"Indica\u00e7\u00e3o N\u00ba 26, indica ao Chefe do Executivo a aquisi\u00e7\u00e3o de 02 (dois) \u00f4nibus para o transporte de universit\u00e1rios at\u00e9 as Faculdades de Vit\u00f3ria.","indexacao":"","observacao":"","resultado":"","texto_original":"http://sapl.santamariadejetiba.es.leg.br/media/sapl/public/materialegislativa/2019/1554/indicacao_n_26-2019_-_joel.pdf","data_ultima_atualizacao":"2019-08-13T13:07:40.452851-03:00","ip":"187.49.17.15","ultima_edicao":null,"tipo":8,"regime_tramitacao":1,"tipo_origem_externa":null,"local_origem_externa":null,"user":34,"anexadas":[],"autores":[12]}