{"id":2502,"__str__":"Requerimento n\u00ba 7 de 2022","link_detail_backend":"/materia/2502","metadata":{},"numero":7,"ano":2022,"numero_protocolo":null,"data_apresentacao":"2022-04-18","tipo_apresentacao":"E","data_publicacao":null,"numero_origem_externa":"","ano_origem_externa":null,"data_origem_externa":null,"apelido":"","dias_prazo":null,"data_fim_prazo":null,"em_tramitacao":true,"polemica":false,"objeto":"","complementar":false,"ementa":"Projeto de lei para a cria\u00e7\u00e3o, no \u00e2mbito da C\u00e2mara municipal  , da semana do legislativo nas Escolas e do Programa Vereador Mirim-C\u00e2mara na Escola , Escola na C\u00e2mara.","indexacao":"","observacao":"","resultado":"","texto_original":null,"data_ultima_atualizacao":"2022-04-18T17:20:00.580180-03:00","ip":"132.255.196.180","ultima_edicao":"2022-04-18T16:45:39.827816-03:00","tipo":3,"regime_tramitacao":1,"tipo_origem_externa":null,"local_origem_externa":null,"user":34,"anexadas":[],"autores":[4,36,37,39,40,41,42]}