{"id":2549,"__str__":"Projeto de Lei Ordin\u00e1ria Legislativo n\u00ba 17 de 2022","link_detail_backend":"/materia/2549","metadata":{},"numero":17,"ano":2022,"numero_protocolo":null,"data_apresentacao":"2022-05-12","tipo_apresentacao":"E","data_publicacao":null,"numero_origem_externa":"","ano_origem_externa":null,"data_origem_externa":null,"apelido":"","dias_prazo":null,"data_fim_prazo":null,"em_tramitacao":false,"polemica":false,"objeto":"","complementar":false,"ementa":"Projeto de lei n\u00ba 17/2022, Disp\u00f5e sobre a denomina\u00e7\u00e3o da  Ladeira Valdir Berger, que tem in\u00edcio na Rua Alfredo Ponath - 308111.08 m E 7779989.72 m S termino coordenadas - 307748.64 m E 7779701.44 m S,  em Alto Rio Possmoser, neste munic\u00edpio .","indexacao":"","observacao":"","resultado":"","texto_original":"http://sapl.santamariadejetiba.es.leg.br/media/sapl/public/materialegislativa/2022/2549/projeto_de_lei_n._17-2022_-_denomina_a_ladeira_valdir_berger.pdf","data_ultima_atualizacao":"2022-07-14T10:35:13.420913-03:00","ip":"132.255.196.180","ultima_edicao":"2022-06-07T08:10:50.983034-03:00","tipo":1,"regime_tramitacao":1,"tipo_origem_externa":null,"local_origem_externa":null,"user":30,"anexadas":[],"autores":[25]}