{"id":2821,"__str__":"Indica\u00e7\u00e3o n\u00ba 31 de 2023","link_detail_backend":"/materia/2821","metadata":{},"numero":31,"ano":2023,"numero_protocolo":null,"data_apresentacao":"2023-02-15","tipo_apresentacao":"E","data_publicacao":null,"numero_origem_externa":"","ano_origem_externa":null,"data_origem_externa":null,"apelido":"","dias_prazo":null,"data_fim_prazo":null,"em_tramitacao":false,"polemica":false,"objeto":"","complementar":false,"ementa":"Indica\u00e7\u00e3o n\u00ba 31/2023, que indica ao chefe do poder executivo a pavimenta\u00e7\u00e3o, por cal\u00e7amento, asfaltamento ou outro revestimento de durabilidade no trecho que inicia na f\u00e1brica de manilha, contemplando o trecho at\u00e9 a resid\u00eancia do senhor Flort\u00e9lio Schwarz e tamb\u00e9m o morro pr\u00f3ximo a resid\u00eancia de Giliano Schulz, em Rio das Pedras, neste munic\u00edpio.","indexacao":"","observacao":"","resultado":"","texto_original":"http://sapl.santamariadejetiba.es.leg.br/media/sapl/public/materialegislativa/2023/2821/indicacao_n_31-2023_-__joelio.pdf","data_ultima_atualizacao":"2023-03-28T07:43:12.718908-03:00","ip":"132.255.196.180","ultima_edicao":"2023-02-28T08:19:44.446592-03:00","tipo":8,"regime_tramitacao":1,"tipo_origem_externa":null,"local_origem_externa":null,"user":30,"anexadas":[],"autores":[38]}