{"id":2888,"__str__":"Requerimento n\u00ba 8 de 2023","link_detail_backend":"/materia/2888","metadata":{},"numero":8,"ano":2023,"numero_protocolo":null,"data_apresentacao":"2023-04-25","tipo_apresentacao":"E","data_publicacao":null,"numero_origem_externa":"","ano_origem_externa":null,"data_origem_externa":null,"apelido":"","dias_prazo":null,"data_fim_prazo":null,"em_tramitacao":false,"polemica":false,"objeto":"","complementar":false,"ementa":"Projeto de lei que institui e incluir no calend\u00e1rio oficial de eventos do munic\u00edpio de Santa Maria de Jetib\u00e1 a Semana do Jovem Empreendedor e d\u00e1 outras providencias.","indexacao":"","observacao":"","resultado":"","texto_original":null,"data_ultima_atualizacao":"2023-04-27T13:02:08.438054-03:00","ip":"132.255.196.180","ultima_edicao":"2023-04-25T13:00:35.256615-03:00","tipo":3,"regime_tramitacao":1,"tipo_origem_externa":null,"local_origem_externa":null,"user":34,"anexadas":[],"autores":[36]}