{"id":2954,"__str__":"Projeto de Lei Ordin\u00e1ria Legislativo n\u00ba 35 de 2023","link_detail_backend":"/materia/2954","metadata":{},"numero":35,"ano":2023,"numero_protocolo":null,"data_apresentacao":"2023-05-29","tipo_apresentacao":"E","data_publicacao":null,"numero_origem_externa":"","ano_origem_externa":null,"data_origem_externa":null,"apelido":"","dias_prazo":null,"data_fim_prazo":null,"em_tramitacao":false,"polemica":false,"objeto":"","complementar":false,"ementa":"Projeto de lei N\u00b0 35/2023, disp\u00f5e sobre a denomina\u00e7\u00e3o do Cal\u00e7ad\u00e3o Emilio Carlos Guilherme Lemke, as margens da Rodovia Afonso Schwab, com in\u00edcio  pr\u00f3ximo a ponte sobre o rio S\u00e3o Lu\u00eds, na entrada do munic\u00edpio, Centro e finalizando nas proximidades do Campo Guarani, em S\u00e3o Sebasti\u00e3o de Bel\u00e9m,  neste munic\u00edpio.","indexacao":"","observacao":"","resultado":"","texto_original":"http://sapl.santamariadejetiba.es.leg.br/media/sapl/public/materialegislativa/2023/2954/projeto_de_lei_n._35-2023_-_denomina_calcadao.pdf","data_ultima_atualizacao":"2023-11-24T07:51:10.466021-03:00","ip":"132.255.196.180","ultima_edicao":"2023-10-02T18:41:40.356741-03:00","tipo":1,"regime_tramitacao":1,"tipo_origem_externa":null,"local_origem_externa":null,"user":31,"anexadas":[],"autores":[36,39]}