{"id":3060,"__str__":"Requerimento n\u00ba 16 de 2023","link_detail_backend":"/materia/3060","metadata":{},"numero":16,"ano":2023,"numero_protocolo":null,"data_apresentacao":"2023-09-15","tipo_apresentacao":"E","data_publicacao":null,"numero_origem_externa":"","ano_origem_externa":null,"data_origem_externa":null,"apelido":"","dias_prazo":null,"data_fim_prazo":null,"em_tramitacao":false,"polemica":false,"objeto":"","complementar":false,"ementa":"Requerimento n\u00ba 16/2023, requer convoca\u00e7\u00e3o do Secret\u00e1rio de Transportes, Sr Scharles Hartuwig, para  esclarecer a respeito das ambul\u00e2ncias que se encontram quebradas na Secretaria.","indexacao":"","observacao":"","resultado":"","texto_original":null,"data_ultima_atualizacao":"2023-09-20T09:13:59.058582-03:00","ip":"132.255.196.180","ultima_edicao":"2023-09-15T14:48:00.601020-03:00","tipo":3,"regime_tramitacao":1,"tipo_origem_externa":null,"local_origem_externa":null,"user":34,"anexadas":[],"autores":[8]}