{"id":3153,"__str__":"Requerimento n\u00ba 22 de 2023","link_detail_backend":"/materia/3153","metadata":{},"numero":22,"ano":2023,"numero_protocolo":null,"data_apresentacao":"2023-12-12","tipo_apresentacao":"E","data_publicacao":null,"numero_origem_externa":"","ano_origem_externa":null,"data_origem_externa":null,"apelido":"","dias_prazo":null,"data_fim_prazo":null,"em_tramitacao":false,"polemica":false,"objeto":"","complementar":false,"ementa":"Requerimento N\u00ba 22/2023, requer a convoca\u00e7\u00e3o do Secret\u00e1rio de Cultura e Turismo senhor Nilton Capaz para proceder a presta\u00e7\u00e3o de contas da festa do colono 2023 na sess\u00e3o ordin\u00e1ria de 5 de fevereiro de 2024, \u00e0s 17 horas.","indexacao":"","observacao":"","resultado":"","texto_original":null,"data_ultima_atualizacao":"2023-12-19T08:13:48.459325-03:00","ip":"132.255.196.180","ultima_edicao":"2023-12-12T10:11:14.027252-03:00","tipo":3,"regime_tramitacao":1,"tipo_origem_externa":null,"local_origem_externa":null,"user":34,"anexadas":[],"autores":[4,45,6,7,8,36,38,12,39,40,25,42,15]}