{"id":3429,"__str__":"Projeto de lei complementar executivo n\u00ba 6 de 2025","link_detail_backend":"/materia/3429","metadata":{},"numero":6,"ano":2025,"numero_protocolo":null,"data_apresentacao":"2025-01-16","tipo_apresentacao":"","data_publicacao":null,"numero_origem_externa":"","ano_origem_externa":null,"data_origem_externa":null,"apelido":"","dias_prazo":null,"data_fim_prazo":null,"em_tramitacao":false,"polemica":false,"objeto":"","complementar":false,"ementa":"PROJETO DE LEI COMPLEMENTAR N\u00ba 006/2025 QUE ALTERA A REDA\u00c7\u00c3O DA LEI COMPLEMENTAR 2.592 DE 12 DE SETEMBRO DE 2022 E D\u00c1 OUTRAS PROVID\u00caNCIAS\r\n - Ficam criados, ampliados e quantificados em 20 (vinte) Unidades M\u00e9dicas de Sa\u00fade da Fam\u00edlia e 20 (vinte) Cargos Comissionados de Chefe da Unidade M\u00e9dica de Sa\u00fade da Fam\u00edlia;\r\n - Ficam criados, ampliados e quantificados em 20 (vinte) Unidades de Enfermagem de Sa\u00fade da Fam\u00edlia e 20 (vinte) Cargos Comissionados de Chefe de Unidade de Enfermagem de Sa\u00fade da Fam\u00edlia","indexacao":"","observacao":"","resultado":"","texto_original":"http://sapl.santamariadejetiba.es.leg.br/media/sapl/public/materialegislativa/2025/3429/proj_lei_complementar_006-25_-_mensagem_006-25_-altera_a_redacao_da_lei_complementar_2.592_de_12_de_setembro_de_2022_e_da_outras_providencias.pdf","data_ultima_atualizacao":"2025-01-24T08:17:44.462232-03:00","ip":"132.255.196.180","ultima_edicao":"2025-01-17T09:15:00.777883-03:00","tipo":15,"regime_tramitacao":1,"tipo_origem_externa":null,"local_origem_externa":null,"user":33,"anexadas":[],"autores":[48]}