{"id":3772,"__str__":"Projeto de Lei Ordin\u00e1ria Legislativo n\u00ba 25 de 2025","link_detail_backend":"/materia/3772","metadata":{},"numero":25,"ano":2025,"numero_protocolo":null,"data_apresentacao":"2025-06-09","tipo_apresentacao":"E","data_publicacao":null,"numero_origem_externa":"","ano_origem_externa":null,"data_origem_externa":null,"apelido":"","dias_prazo":null,"data_fim_prazo":null,"em_tramitacao":false,"polemica":false,"objeto":"","complementar":false,"ementa":"Projeto de Lei n\u00ba 25/2025, que disp\u00f5e sobre a denomina\u00e7\u00e3o da Rua Norman Vesper, com in\u00edcio na Rua Anna Jacob Vesper, nas coordenadas 31759140 m E / 778595687 m S, e t\u00e9rmino nas coordenadas 31755488 m E / 778601851 m, no bairro de S\u00e3o Lu\u00eds deste munic\u00edpio.","indexacao":"","observacao":"","resultado":"","texto_original":"http://sapl.santamariadejetiba.es.leg.br/media/sapl/public/materialegislativa/2025/3772/projeto_de_lei_n_25-2025_-_denomina_a_rua_norman_vesper.doc.pdf","data_ultima_atualizacao":"2025-08-07T12:16:20.098675-03:00","ip":"132.255.196.180","ultima_edicao":"2025-06-27T07:49:02.744416-03:00","tipo":1,"regime_tramitacao":1,"tipo_origem_externa":null,"local_origem_externa":null,"user":30,"anexadas":[],"autores":[13]}