{"id":3880,"__str__":"Indica\u00e7\u00e3o n\u00ba 93 de 2025","link_detail_backend":"/materia/3880","metadata":{},"numero":93,"ano":2025,"numero_protocolo":null,"data_apresentacao":"2025-06-25","tipo_apresentacao":"E","data_publicacao":null,"numero_origem_externa":"","ano_origem_externa":null,"data_origem_externa":null,"apelido":"","dias_prazo":null,"data_fim_prazo":null,"em_tramitacao":false,"polemica":false,"objeto":"","complementar":false,"ementa":"Indica\u00e7\u00e3o n\u00ba 93/2025, indica a amplia\u00e7\u00e3o da constru\u00e7\u00e3o de \u00e1rea coberta, no Centro de Eventos Cultural e Esportivo Sofia Arnholz Berger.","indexacao":"","observacao":"","resultado":"","texto_original":"http://sapl.santamariadejetiba.es.leg.br/media/sapl/public/materialegislativa/2025/3880/indicacao_no_93-_area_coberta_no_centro_de_eventos._luciano.doc.pdf","data_ultima_atualizacao":"2025-07-15T07:58:44.805301-03:00","ip":"132.255.196.180","ultima_edicao":"2025-07-04T08:04:36.754151-03:00","tipo":8,"regime_tramitacao":1,"tipo_origem_externa":null,"local_origem_externa":null,"user":30,"anexadas":[],"autores":[39]}