{"id":3881,"__str__":"Indica\u00e7\u00e3o n\u00ba 94 de 2025","link_detail_backend":"/materia/3881","metadata":{},"numero":94,"ano":2025,"numero_protocolo":null,"data_apresentacao":"2025-06-27","tipo_apresentacao":"E","data_publicacao":null,"numero_origem_externa":"","ano_origem_externa":null,"data_origem_externa":null,"apelido":"","dias_prazo":null,"data_fim_prazo":null,"em_tramitacao":false,"polemica":false,"objeto":"","complementar":false,"ementa":"Indica\u00e7\u00e3o n\u00ba 94/2025, indica a extens\u00e3o da pavimenta\u00e7\u00e3o com in\u00edcio em frente as Granjas Pommer em S\u00e3o Sebasti\u00e3o do Meio, sentido Vila Sapo, Localizado tamb\u00e9m na regi\u00e3o de S\u00e3o Sebasti\u00e3o do Meio, uma \u00e1rea de aproximadamente 2,5km.","indexacao":"","observacao":"","resultado":"","texto_original":"http://sapl.santamariadejetiba.es.leg.br/media/sapl/public/materialegislativa/2025/3881/indicacao_no_94-2025_extensao_de_pavimentacao.doc.pdf","data_ultima_atualizacao":"2025-07-15T07:59:26.629195-03:00","ip":"132.255.196.180","ultima_edicao":"2025-07-04T08:05:34.841310-03:00","tipo":8,"regime_tramitacao":1,"tipo_origem_externa":null,"local_origem_externa":null,"user":30,"anexadas":[],"autores":[39]}