{"id":12159,"__str__":"Indica\u00e7\u00e3o n\u00ba 71 de 2022 | Proposi\u00e7\u00e3o inclusa na Ordem do Dia | 09/08/2022","link_detail_backend":"/materia/tramitacao/12159","metadata":{},"timestamp":"2022-08-09T07:56:14.434577-03:00","data_tramitacao":"2022-08-09","data_encaminhamento":null,"urgente":false,"turno":"","texto":"Inclu\u00eddo na pauta da sess\u00e3o ordin\u00e1ria n\u00ba 28 de 15/08/2022","data_fim_prazo":null,"ip":"132.255.196.180","ultima_edicao":"2022-08-09T07:55:29.835618-03:00","status":3,"materia":2608,"unidade_tramitacao_local":9,"unidade_tramitacao_destino":9,"user":27}