{"id":12471,"__str__":"Mo\u00e7\u00e3o n\u00ba 3 de 2022 | Proposi\u00e7\u00e3o inclusa na Ordem do Dia | 05/09/2022","link_detail_backend":"/materia/tramitacao/12471","metadata":{},"timestamp":"2022-09-05T18:18:44.883356-03:00","data_tramitacao":"2022-09-05","data_encaminhamento":null,"urgente":false,"turno":"","texto":"Inclu\u00eddo na pauta de vota\u00e7\u00e3o da sess\u00e3o n\u00ba 31 do dia 12/09/2022","data_fim_prazo":null,"ip":"132.255.196.180","ultima_edicao":"2022-09-05T18:18:29.857367-03:00","status":3,"materia":2622,"unidade_tramitacao_local":9,"unidade_tramitacao_destino":9,"user":27}