{"id":14049,"__str__":"Indica\u00e7\u00e3o n\u00ba 12 de 2023 | Proposi\u00e7\u00e3o inclusa na Ordem do Dia | 27/02/2023","link_detail_backend":"/materia/tramitacao/14049","metadata":{},"timestamp":"2023-02-27T18:09:19.398928-03:00","data_tramitacao":"2023-02-27","data_encaminhamento":null,"urgente":false,"turno":"","texto":"Inclu\u00eddo na ordem do dia da sess\u00e3o ordin\u00e1ria do dia 06/03/2022","data_fim_prazo":null,"ip":"132.255.196.180","ultima_edicao":"2023-02-27T18:08:24.783284-03:00","status":3,"materia":2791,"unidade_tramitacao_local":9,"unidade_tramitacao_destino":9,"user":27}