{"id":15535,"__str__":"Projeto de lei ordin\u00e1ria executivo n\u00ba 26 de 2023 | INCLUSO NO EXPEDIENTE PARA LEITURA EM SESS\u00c3O | 07/08/2023","link_detail_backend":"/materia/tramitacao/15535","metadata":{},"timestamp":"2023-08-07T09:01:06.431019-03:00","data_tramitacao":"2023-08-07","data_encaminhamento":null,"urgente":false,"turno":"","texto":"Inclu\u00eddo para leitura na sess\u00e3o ordin\u00e1ria n\u00b028 no dia 07 de agosto de 2023","data_fim_prazo":null,"ip":"132.255.196.180","ultima_edicao":"2023-08-07T09:35:39.266894-03:00","status":51,"materia":2989,"unidade_tramitacao_local":12,"unidade_tramitacao_destino":9,"user":50}