{"id":15937,"__str__":"Veto n\u00ba 2 de 2023 | Proposi\u00e7\u00e3o inclusa na Ordem do Dia | 04/09/2023","link_detail_backend":"/materia/tramitacao/15937","metadata":{},"timestamp":"2023-09-04T15:38:10.195635-03:00","data_tramitacao":"2023-09-04","data_encaminhamento":null,"urgente":false,"turno":"","texto":"Inclu\u00eddo na pauta de vota\u00e7\u00e3o","data_fim_prazo":null,"ip":"132.255.196.180","ultima_edicao":"2023-09-04T15:37:43.822774-03:00","status":3,"materia":3020,"unidade_tramitacao_local":12,"unidade_tramitacao_destino":9,"user":27}