{"id":3893,"__str__":"Indica\u00e7\u00e3o n\u00ba 28 de 2019 | Proposi\u00e7\u00e3o inclusa na Ordem do Dia | 08/07/2019","link_detail_backend":"/materia/tramitacao/3893","metadata":{},"timestamp":"2019-07-08T18:07:46.122711-03:00","data_tramitacao":"2019-07-08","data_encaminhamento":null,"urgente":false,"turno":"","texto":"Inclu\u00eddo na pauta de vota\u00e7\u00e3o da sess\u00e3o ordin\u00e1ria do dia 15 de julho.","data_fim_prazo":null,"ip":"187.49.17.15","ultima_edicao":null,"status":3,"materia":1578,"unidade_tramitacao_local":9,"unidade_tramitacao_destino":9,"user":27}