{"id":4318,"__str__":"Mo\u00e7\u00e3o n\u00ba 16 de 2019 | Proposi\u00e7\u00e3o retirada da Ordem do Dia. | 09/09/2019","link_detail_backend":"/materia/tramitacao/4318","metadata":{},"timestamp":"2019-09-09T13:50:48.484287-03:00","data_tramitacao":"2019-09-09","data_encaminhamento":null,"urgente":false,"turno":"","texto":"Inclu\u00eddo na pauta de vota\u00e7\u00e3o","data_fim_prazo":null,"ip":"187.49.17.15","ultima_edicao":null,"status":49,"materia":1625,"unidade_tramitacao_local":9,"unidade_tramitacao_destino":9,"user":27}