{"id":5751,"__str__":"Indica\u00e7\u00e3o n\u00ba 21 de 2020 | Proposi\u00e7\u00e3o inclusa na Ordem do Dia | 08/09/2020","link_detail_backend":"/materia/tramitacao/5751","metadata":{},"timestamp":"2020-09-08T18:35:43.393051-03:00","data_tramitacao":"2020-09-08","data_encaminhamento":null,"urgente":false,"turno":"","texto":"Inclu\u00eddo na pauta de vota\u00e7\u00e3o da sess\u00e3o 14/09/2020","data_fim_prazo":null,"ip":"187.49.17.15","ultima_edicao":"2020-09-08T18:34:52.101519-03:00","status":3,"materia":1862,"unidade_tramitacao_local":9,"unidade_tramitacao_destino":9,"user":27}