{"id":8656,"__str__":"Veto n\u00ba 2 de 2021 | Proposi\u00e7\u00e3o inclusa na Ordem do Dia | 30/07/2021","link_detail_backend":"/materia/tramitacao/8656","metadata":{},"timestamp":"2021-07-30T11:07:36.988760-03:00","data_tramitacao":"2021-07-30","data_encaminhamento":null,"urgente":false,"turno":"","texto":"Inclu\u00eddo na pauta de vota\u00e7\u00e3o do dia 02/08/2021.","data_fim_prazo":null,"ip":"187.49.17.15","ultima_edicao":"2021-07-30T11:06:28.795315-03:00","status":3,"materia":2190,"unidade_tramitacao_local":12,"unidade_tramitacao_destino":9,"user":27}