{"id":1549,"__str__":"Lei-PREF n\u00ba 2.576, de 29 de junho de 2022","link_detail_backend":"/norma/1549","metadata":{},"texto_integral":"http://sapl.santamariadejetiba.es.leg.br/media/sapl/public/normajuridica/2022/1549/lei_no_25762022.pdf","numero":"2576","ano":2022,"esfera_federacao":"M","data":"2022-06-29","data_publicacao":null,"veiculo_publicacao":"","pagina_inicio_publicacao":null,"pagina_fim_publicacao":null,"ementa":"Projeto de lei n\u00ba 20/2022, que disp\u00f5e sobre a institui\u00e7\u00e3o e inclus\u00e3o no calend\u00e1rio oficial de eventos do munic\u00edpio, o Dia dos Veteranos da Pol\u00edcia Militar do Estado do Esp\u00edrito Santo, e d\u00e1 outras provid\u00eancias.","indexacao":"","observacao":"","complemento":false,"data_vigencia":null,"timestamp":"2022-07-13T11:19:29.339749-03:00","data_ultima_atualizacao":"2022-07-13T11:19:29.564877-03:00","ip":"132.255.196.180","ultima_edicao":"2022-07-13T11:18:02.544901-03:00","tipo":1,"materia":2556,"orgao":8,"user":27,"assuntos":[],"autores":[]}