{"id":1947,"__str__":"Lei-PREF n\u00ba 2.735, de 14 de setembro de 2023","link_detail_backend":"/norma/1947","metadata":{},"texto_integral":"http://sapl.santamariadejetiba.es.leg.br/media/sapl/public/normajuridica/2023/1947/lei_2735.pdf","numero":"2735","ano":2023,"esfera_federacao":"M","data":"2023-09-14","data_publicacao":null,"veiculo_publicacao":"","pagina_inicio_publicacao":null,"pagina_fim_publicacao":null,"ementa":"Projeto de Lei N\u00ba 50/2023, DISP\u00d5E SOBRE O PRAZO DE VALIDADE DO LAUDO M\u00c9DICO PERICIAL QUE ATESTA O TRANSTORNO DO ESPECTRO AUTISTA NO \u00c2MBITO DO MUNIC\u00cdPIO DE SANTA MARIA DE JETIB\u00c1 E D\u00c1 OUTRAS PROVID\u00caNCIAS.","indexacao":"","observacao":"","complemento":false,"data_vigencia":null,"timestamp":"2023-09-20T10:57:14.962383-03:00","data_ultima_atualizacao":"2023-09-20T10:57:15.270923-03:00","ip":"132.255.196.180","ultima_edicao":"2023-09-20T10:51:30.052445-03:00","tipo":1,"materia":3018,"orgao":8,"user":31,"assuntos":[],"autores":[]}