{"id":2421,"__str__":"Lei Complementar-PREF n\u00ba 2.872, de 20 de janeiro de 2025","link_detail_backend":"/norma/2421","metadata":{},"texto_integral":"http://sapl.santamariadejetiba.es.leg.br/media/sapl/public/normajuridica/2025/2421/lei_2872_complementar.pdf","numero":"2872","ano":2025,"esfera_federacao":"M","data":"2025-01-20","data_publicacao":null,"veiculo_publicacao":"","pagina_inicio_publicacao":null,"pagina_fim_publicacao":null,"ementa":"PROJETO DE LEI COMPLEMENTAR N\u00ba 006/2025 QUE ALTERA A REDA\u00c7\u00c3O DA LEI COMPLEMENTAR 2.592 DE 12 DE SETEMBRO DE 2022 E D\u00c1 OUTRAS PROVID\u00caNCIAS\r\n - Ficam criados, ampliados e quantificados em 20 (vinte) Unidades M\u00e9dicas de Sa\u00fade da Fam\u00edlia e 20 (vinte) Cargos Comissionados de Chefe da Unidade M\u00e9dica de Sa\u00fade da Fam\u00edlia;\r\n - Ficam criados, ampliados e quantificados em 20 (vinte) Unidades de Enfermagem de Sa\u00fade da Fam\u00edlia e 20 (vinte) Cargos Comissionados de Chefe de Unidade de Enfermagem de Sa\u00fade da Fam\u00edlia","indexacao":"","observacao":"","complemento":true,"data_vigencia":null,"timestamp":"2025-01-24T08:47:58.529845-03:00","data_ultima_atualizacao":"2025-01-24T08:47:58.531260-03:00","ip":"132.255.196.180","ultima_edicao":"2025-01-24T08:47:58.382546-03:00","tipo":2,"materia":3429,"orgao":8,"user":33,"assuntos":[27],"autores":[]}