{"id":688,"__str__":"Lei n\u00ba 2.273, de 13 de novembro de 2019","link_detail_backend":"/norma/688","metadata":{},"texto_integral":"http://sapl.santamariadejetiba.es.leg.br/media/sapl/public/normajuridica/2019/688/lei_2273-19_-_denomina_ladeira_floencio_schultz_-com_croqui.pdf","numero":"2273","ano":2019,"esfera_federacao":"M","data":"2019-11-13","data_publicacao":null,"veiculo_publicacao":"","pagina_inicio_publicacao":null,"pagina_fim_publicacao":null,"ementa":"Projeto de lei n\u00ba 57/2019, que denomina a ladeira Florencio Schultz,com inicio na Rua Zelinda Sperandio Corona e finalizando nas coordenadas 316477.33cm e 7784172.69m, em S\u00e3o Sebasti\u00e3o do meio, neste munic\u00edpio.","indexacao":"","observacao":"","complemento":false,"data_vigencia":null,"timestamp":"2019-11-26T11:28:15.688170-03:00","data_ultima_atualizacao":"2019-11-26T11:28:15.916747-03:00","ip":"187.49.17.15","ultima_edicao":null,"tipo":1,"materia":1661,"orgao":null,"user":33,"assuntos":[2],"autores":[]}