{"id":710,"__str__":"Lei n\u00ba 2.293, de 11 de dezembro de 2019","link_detail_backend":"/norma/710","metadata":{},"texto_integral":"http://sapl.santamariadejetiba.es.leg.br/media/sapl/public/normajuridica/2019/710/lei_2293-19_-_denomina_alameda_dos_ipes.pdf","numero":"2293","ano":2019,"esfera_federacao":"M","data":"2019-12-11","data_publicacao":null,"veiculo_publicacao":"","pagina_inicio_publicacao":null,"pagina_fim_publicacao":null,"ementa":"Projeto de lei n\u00ba 64, que denomina a Rua Alameda dos Ip\u00eas,com inicio na Ladeira Florencio Schultz e finalizando nas coordenadas 316488.19m e 7784218.13cm, numa extens\u00e3o de 53 metros , em S\u00e3o Sebasti\u00e3o do Meio, neste Munic\u00edpio.","indexacao":"","observacao":"","complemento":false,"data_vigencia":null,"timestamp":"2019-12-18T10:46:48.234340-03:00","data_ultima_atualizacao":"2019-12-18T10:46:48.234638-03:00","ip":"187.49.17.15","ultima_edicao":"2019-12-18T10:46:47.112802-03:00","tipo":1,"materia":1713,"orgao":null,"user":33,"assuntos":[2],"autores":[]}